{"id":13094,"date":"2021-09-22T15:16:38","date_gmt":"2021-09-22T13:16:38","guid":{"rendered":"https:\/\/izysolutions.com\/?p=13094"},"modified":"2022-08-08T16:36:23","modified_gmt":"2022-08-08T14:36:23","slug":"jimmy-le-roi-du-catalogue-optique-international","status":"publish","type":"post","link":"https:\/\/izysolutions.com\/fr\/2021\/09\/22\/jimmy-le-roi-du-catalogue-optique-international\/","title":{"rendered":"Jimmy, le roi du catalogue optique international !"},"content":{"rendered":"<p>Vous \u00eates un groupe optique international ? Connaissez-vous <a href=\"https:\/\/izysolutions.com\/fr\/nos-logiciels\/iwicatalogue\/\">iWiCatalog<\/a>, notre solution de gestion <strong>catalogue optique international<\/strong> ? Et avez-vous d\u00e9j\u00e0 rencontr\u00e9 Jimmy, l&rsquo;homme qui se cache derri\u00e8re tous les incroyables d\u00e9veloppements et innovations de cette solution ?<\/p>\n<p>Non ? Vraiment ? Alors arr\u00eatez-vous un instant et lisez cet article car vous \u00eates clairement en train de manquer \u00ab\u00a0LA\u00a0\u00bb solution qui va appuyer le d\u00e9veloppement de votre business !<\/p>\n<h2>Au commencement, iZySolutions cr\u00e9a iWiCatalog<\/h2>\n<p>Pour faire simple, iWiCatalog est une solution qui permet de g\u00e9rer votre catalogue EDI pour l\u2019optique. Concernant les groupes optiques internationaux, iWiCatalog leur permet de g\u00e9rer un catalogue optique international.<\/p>\n<p>OK, donc c&rsquo;est juste un ERP en somme ? Nous pourrions dire cela mais, connaissez-vous un ERP capable de g\u00e9rer une base de donn\u00e9es produits unique pour un groupe international et toutes ses filiales \u00e0 travers le monde, et qui respecte de surcroit les sp\u00e9cificit\u00e9s li\u00e9es \u00e0 l&rsquo;optique telles les grilles de fabrication par exemple ?<\/p>\n<p>Et quand on vous dit \u00ab\u00a0g\u00e9rer\u00a0\u00bb, iWiCatalog ne se contente pas de permettre aux filiales de t\u00e9l\u00e9charger un simple catalogue PDF en ligne, non non non ! iWiCatalog leur permet de g\u00e9rer les produits dont ils ont besoin sur une interface d\u00e9di\u00e9e en ligne. Ils peuvent donc choisir les produits qui les int\u00e9ressent, leur appliquer les sp\u00e9cificit\u00e9s d\u00e9sir\u00e9es comme les param\u00e8tres de fabrication, les prix&#8230;<\/p>\n<p><strong>En r\u00e9sum\u00e9, gr\u00e2ce \u00e0 iWiCatalog, les filiales gagnent quotidiennement \u00e9norm\u00e9ment de temps et d&rsquo;argent !<\/strong><\/p>\n<p><iframe loading=\"lazy\" src=\"https:\/\/www.youtube.com\/embed\/HGRvFM3SUdI\" width=\"560\" height=\"315\" frameborder=\"0\" allowfullscreen=\"allowfullscreen\"><\/iframe><\/p>\n<p>Et quels sont les avantages pour les groupes ? Premi\u00e8rement, ils r\u00e9duisent de mani\u00e8re significative la mise sur le march\u00e9 de leurs produits. Deuxi\u00e8mement, ils peuvent dor\u00e9navant analyser leur base de donn\u00e9es produits et savoir en temps r\u00e9el quel produit est vendu dans tel pays&#8230; Ils sont donc en mesure de pouvoir ajuster rapidement leur strat\u00e9gie marketing pour rester comp\u00e9titif !<\/p>\n<h2><strong>Jimmy et le catalogue optique international<br \/>\n<\/strong><\/h2>\n<p>Et Jimmy dans tout \u00e7a ?<\/p>\n<p>Jimmy est un p&rsquo;tit gars qui est arriv\u00e9 chez iZySolutions il y a plus de 5 ans maintenant. Il a commenc\u00e9 en tant que d\u00e9veloppeur alors qu&rsquo;il \u00e9tudiait encore pour obtenir son Master IMIS (informatique ax\u00e9 sur la s\u00e9curit\u00e9), et petit \u00e0 petit, il a gravi les \u00e9chelons. Jimmy a su s&rsquo;imposer gr\u00e2ce \u00e0 sa volont\u00e9 de toujours vouloir innover pour satisfaire les besoins clients.<\/p>\n<p>D\u00e9sormais Chef de Projet IT, en charge de plusieurs d\u00e9veloppeurs d\u00e9di\u00e9s \u00e0 iWiCatalog, Jimmy et son \u00e9quipe travaillent constamment sur l&rsquo;\u00e9volution et la maintenance de leur \u00ab\u00a0b\u00e9b\u00e9\u00a0\u00bb. Et pour accomplir comme il se doit leur travail, ils prennent sans cesse en consid\u00e9ration les retours clients et les \u00e9volutions du march\u00e9 de l&rsquo;optique.<\/p>\n<p>Les nouveaut\u00e9s sur iWiCatalog, entre autres :<\/p>\n<ul>\n<li><strong>L&rsquo;am\u00e9lioration du parcours utilisateur :<\/strong> une des derni\u00e8res mises \u00e0 jour importantes d&rsquo;iWiCatalog a port\u00e9 sur les champs personnalisables par les filiales. Lorsqu&rsquo;un groupe renseigne sa base de donn\u00e9es produits dans iWiCatalog, les champs apparaissent en bleu. D\u00e8s lors qu&rsquo;une filiale modifie un ou plusieurs champs, ces derniers deviennent de couleur rouge. Ainsi, la filiale sait toujours quels champs elle a mis \u00e0 jour. Le plus ? Si le groupe optique proc\u00e8de \u00e0 un nouvel import produits, pour les produits d\u00e9j\u00e0 existants et d\u00e9j\u00e0 modifi\u00e9s par la filiale, les champs au pr\u00e9alable modifi\u00e9s resteront de couleur rouge. Seuls les autres champs seront mis \u00e0 jour de mani\u00e8re \u00e0 permettre \u00e0 la filiale de ne pas faire le travail deux fois et ainsi lui faire gagner un temps consid\u00e9rable !<\/li>\n<\/ul>\n<figure id=\"attachment_13098\" aria-describedby=\"caption-attachment-13098\" style=\"width: 1690px\" class=\"wp-caption aligncenter\"><img decoding=\"async\" class=\"wp-image-13098 size-full\" src=\"https:\/\/izysolutions.com\/wp-content\/uploads\/2020\/06\/personnalisation_filiale_iwicatalog_catalogue_optique_international.png\" alt=\"Exemple de personnalisation effectu\u00e9e par une filiale dans iWiCatalog\" width=\"1690\" height=\"821\" \/><figcaption id=\"caption-attachment-13098\" class=\"wp-caption-text\">Exemple de personnalisation effectu\u00e9e par une filiale dans iWiCatalog<\/figcaption><\/figure>\n<ul>\n<li><strong>Import des options :<\/strong> sur une typologie de verres, une filiale peut importer les options qu&rsquo;elle souhaite. Par exemple, si une filiale ne fait pas de pr\u00e9 calibrage, elle pourra ne pas importer cette option.<\/li>\n<\/ul>\n<p><img decoding=\"async\" class=\"size-full wp-image-13099\" src=\"https:\/\/izysolutions.com\/wp-content\/uploads\/2020\/06\/iwicatalog_choix_des_options.png\" alt=\"Exemple de choix d'options dans iWiCatalog, notre catalogue optique international\" width=\"1643\" height=\"819\" \/><\/p>\n<p>Exemple de choix d&rsquo;options dans iWiCatalog, notre catalogue optique international<\/p>\n<ul>\n<li><strong>Vari\u00e9t\u00e9 des imports :<\/strong> une filiale peut g\u00e9rer les param\u00e8tres de fabrication par exemple ou encore avoir acc\u00e8s au prix de vente recommand\u00e9 par le groupe, fonction du pays o\u00f9 elle est implant\u00e9e.<\/li>\n<\/ul>\n<figure id=\"attachment_13100\" aria-describedby=\"caption-attachment-13100\" style=\"width: 1325px\" class=\"wp-caption alignnone\"><img decoding=\"async\" class=\"size-full wp-image-13100\" src=\"https:\/\/izysolutions.com\/wp-content\/uploads\/2020\/06\/variete_imports_catalogue_optique_international.png\" alt=\"Vari\u00e9t\u00e9 des imports dans iWiCatalog\" width=\"1325\" height=\"695\" \/><figcaption id=\"caption-attachment-13100\" class=\"wp-caption-text\">Vari\u00e9t\u00e9 des imports dans iWiCatalog<\/figcaption><\/figure>\n<ul>\n<li>Etc.<\/li>\n<\/ul>\n<p>Si vous souhaitez en apprendre davantage sur iWiCatalog, <a href=\"https:\/\/izysolutions.com\/fr\/nos-logiciels\/iwicatalogue\/#contact\">contactez-nous !<\/a><\/p>\n<p>Oh ! Et rien \u00e0 voir avec iWiCatalog mais Jimmy est aussi notre \u00ab\u00a0Chef P\u00e2tissier\u00a0\u00bb et sait r\u00e9galer ses coll\u00e8gues de ses plus belles cr\u00e9ations !<br \/>\n<iframe loading=\"lazy\" class=\"giphy-embed\" src=\"https:\/\/giphy.com\/embed\/13LlAxmDwAkopO\" width=\"480\" height=\"243\" frameborder=\"0\" allowfullscreen=\"allowfullscreen\"><\/iframe><\/p>\n","protected":false},"excerpt":{"rendered":"<p>Vous \u00eates un groupe optique international ? Connaissez-vous iWiCatalog, notre solution de gestion catalogue optique international ? Et avez-vous d\u00e9j\u00e0 rencontr\u00e9 Jimmy, l&rsquo;homme qui se cache derri\u00e8re tous les incroyables d\u00e9veloppements et innovations de cette solution ? Non ? Vraiment ? Alors arr\u00eatez-vous un instant et lisez cet article car vous \u00eates clairement en train [&hellip;]<\/p>\n","protected":false},"author":11,"featured_media":13102,"comment_status":"open","ping_status":"open","sticky":false,"template":"","format":"standard","meta":{"_acf_changed":false,"inline_featured_image":false,"footnotes":""},"categories":[4,18,19],"tags":[],"class_list":["post-13094","post","type-post","status-publish","format-standard","has-post-thumbnail","hentry","category-catalogue-optique","category-edi-fr","category-rd-fr"],"acf":[],"yoast_head":"<!-- This site is optimized with the Yoast SEO plugin v26.7 - https:\/\/yoast.com\/wordpress\/plugins\/seo\/ -->\n<title>Jimmy, le roi du catalogue optique international ! - iZySolutions<\/title>\n<meta name=\"robots\" content=\"index, follow, max-snippet:-1, max-image-preview:large, max-video-preview:-1\" \/>\n<link rel=\"canonical\" href=\"https:\/\/izysolutions.com\/fr\/2021\/09\/22\/jimmy-le-roi-du-catalogue-optique-international\/\" \/>\n<meta property=\"og:locale\" content=\"fr_FR\" \/>\n<meta property=\"og:type\" content=\"article\" \/>\n<meta property=\"og:title\" content=\"Jimmy, le roi du catalogue optique international ! - iZySolutions\" \/>\n<meta property=\"og:description\" content=\"Vous \u00eates un groupe optique international ? Connaissez-vous iWiCatalog, notre solution de gestion catalogue optique international ? Et avez-vous d\u00e9j\u00e0 rencontr\u00e9 Jimmy, l&rsquo;homme qui se cache derri\u00e8re tous les incroyables d\u00e9veloppements et innovations de cette solution ? Non ? Vraiment ? Alors arr\u00eatez-vous un instant et lisez cet article car vous \u00eates clairement en train [&hellip;]\" \/>\n<meta property=\"og:url\" content=\"https:\/\/izysolutions.com\/fr\/2021\/09\/22\/jimmy-le-roi-du-catalogue-optique-international\/\" \/>\n<meta property=\"og:site_name\" content=\"iZySolutions\" \/>\n<meta property=\"article:published_time\" content=\"2021-09-22T13:16:38+00:00\" \/>\n<meta property=\"article:modified_time\" content=\"2022-08-08T14:36:23+00:00\" \/>\n<meta property=\"og:image\" content=\"https:\/\/izysolutions.com\/wp-content\/uploads\/2020\/06\/Jimmy_catalogue_optique_international_832x432-px-1.png\" \/>\n\t<meta property=\"og:image:width\" content=\"832\" \/>\n\t<meta property=\"og:image:height\" content=\"432\" \/>\n\t<meta property=\"og:image:type\" content=\"image\/png\" \/>\n<meta name=\"author\" content=\"Emilie\" \/>\n<meta name=\"twitter:card\" content=\"summary_large_image\" \/>\n<script type=\"application\/ld+json\" class=\"yoast-schema-graph\">{\"@context\":\"https:\/\/schema.org\",\"@graph\":[{\"@type\":\"Article\",\"@id\":\"https:\/\/izysolutions.com\/fr\/2021\/09\/22\/jimmy-le-roi-du-catalogue-optique-international\/#article\",\"isPartOf\":{\"@id\":\"https:\/\/izysolutions.com\/fr\/2021\/09\/22\/jimmy-le-roi-du-catalogue-optique-international\/\"},\"author\":{\"name\":\"Emilie\",\"@id\":\"https:\/\/izysolutions.com\/#\/schema\/person\/064ba07b958029148d8034eba614fc27\"},\"headline\":\"Jimmy, le roi du catalogue optique international !\",\"datePublished\":\"2021-09-22T13:16:38+00:00\",\"dateModified\":\"2022-08-08T14:36:23+00:00\",\"mainEntityOfPage\":{\"@id\":\"https:\/\/izysolutions.com\/fr\/2021\/09\/22\/jimmy-le-roi-du-catalogue-optique-international\/\"},\"wordCount\":751,\"commentCount\":0,\"image\":{\"@id\":\"https:\/\/izysolutions.com\/fr\/2021\/09\/22\/jimmy-le-roi-du-catalogue-optique-international\/#primaryimage\"},\"thumbnailUrl\":\"https:\/\/izysolutions.com\/wp-content\/uploads\/2020\/06\/Jimmy_catalogue_optique_international_832x432-px-1.png\",\"articleSection\":[\"Catalogue optique\",\"EDI\",\"R&amp;D\"],\"inLanguage\":\"fr-FR\",\"potentialAction\":[{\"@type\":\"CommentAction\",\"name\":\"Comment\",\"target\":[\"https:\/\/izysolutions.com\/fr\/2021\/09\/22\/jimmy-le-roi-du-catalogue-optique-international\/#respond\"]}]},{\"@type\":\"WebPage\",\"@id\":\"https:\/\/izysolutions.com\/fr\/2021\/09\/22\/jimmy-le-roi-du-catalogue-optique-international\/\",\"url\":\"https:\/\/izysolutions.com\/fr\/2021\/09\/22\/jimmy-le-roi-du-catalogue-optique-international\/\",\"name\":\"Jimmy, le roi du catalogue optique international ! - iZySolutions\",\"isPartOf\":{\"@id\":\"https:\/\/izysolutions.com\/#website\"},\"primaryImageOfPage\":{\"@id\":\"https:\/\/izysolutions.com\/fr\/2021\/09\/22\/jimmy-le-roi-du-catalogue-optique-international\/#primaryimage\"},\"image\":{\"@id\":\"https:\/\/izysolutions.com\/fr\/2021\/09\/22\/jimmy-le-roi-du-catalogue-optique-international\/#primaryimage\"},\"thumbnailUrl\":\"https:\/\/izysolutions.com\/wp-content\/uploads\/2020\/06\/Jimmy_catalogue_optique_international_832x432-px-1.png\",\"datePublished\":\"2021-09-22T13:16:38+00:00\",\"dateModified\":\"2022-08-08T14:36:23+00:00\",\"author\":{\"@id\":\"https:\/\/izysolutions.com\/#\/schema\/person\/064ba07b958029148d8034eba614fc27\"},\"breadcrumb\":{\"@id\":\"https:\/\/izysolutions.com\/fr\/2021\/09\/22\/jimmy-le-roi-du-catalogue-optique-international\/#breadcrumb\"},\"inLanguage\":\"fr-FR\",\"potentialAction\":[{\"@type\":\"ReadAction\",\"target\":[\"https:\/\/izysolutions.com\/fr\/2021\/09\/22\/jimmy-le-roi-du-catalogue-optique-international\/\"]}]},{\"@type\":\"ImageObject\",\"inLanguage\":\"fr-FR\",\"@id\":\"https:\/\/izysolutions.com\/fr\/2021\/09\/22\/jimmy-le-roi-du-catalogue-optique-international\/#primaryimage\",\"url\":\"https:\/\/izysolutions.com\/wp-content\/uploads\/2020\/06\/Jimmy_catalogue_optique_international_832x432-px-1.png\",\"contentUrl\":\"https:\/\/izysolutions.com\/wp-content\/uploads\/2020\/06\/Jimmy_catalogue_optique_international_832x432-px-1.png\",\"width\":832,\"height\":432,\"caption\":\"Notre catalogue optique international et l'homme qui se cache derri\u00e8re\"},{\"@type\":\"BreadcrumbList\",\"@id\":\"https:\/\/izysolutions.com\/fr\/2021\/09\/22\/jimmy-le-roi-du-catalogue-optique-international\/#breadcrumb\",\"itemListElement\":[{\"@type\":\"ListItem\",\"position\":1,\"name\":\"Home\",\"item\":\"https:\/\/izysolutions.com\/fr\/\"},{\"@type\":\"ListItem\",\"position\":2,\"name\":\"Jimmy, le roi du catalogue optique international !\"}]},{\"@type\":\"WebSite\",\"@id\":\"https:\/\/izysolutions.com\/#website\",\"url\":\"https:\/\/izysolutions.com\/\",\"name\":\"iZySolutions\",\"description\":\"Un site utilisant WordPress\",\"potentialAction\":[{\"@type\":\"SearchAction\",\"target\":{\"@type\":\"EntryPoint\",\"urlTemplate\":\"https:\/\/izysolutions.com\/?s={search_term_string}\"},\"query-input\":{\"@type\":\"PropertyValueSpecification\",\"valueRequired\":true,\"valueName\":\"search_term_string\"}}],\"inLanguage\":\"fr-FR\"},{\"@type\":\"Person\",\"@id\":\"https:\/\/izysolutions.com\/#\/schema\/person\/064ba07b958029148d8034eba614fc27\",\"name\":\"Emilie\",\"image\":{\"@type\":\"ImageObject\",\"inLanguage\":\"fr-FR\",\"@id\":\"https:\/\/izysolutions.com\/#\/schema\/person\/image\/\",\"url\":\"https:\/\/secure.gravatar.com\/avatar\/232404cfa7230db861d2d7f0ead4153c871b630570f548f07e8592102c08d315?s=96&d=mm&r=g\",\"contentUrl\":\"https:\/\/secure.gravatar.com\/avatar\/232404cfa7230db861d2d7f0ead4153c871b630570f548f07e8592102c08d315?s=96&d=mm&r=g\",\"caption\":\"Emilie\"}}]}<\/script>\n<!-- \/ Yoast SEO plugin. -->","yoast_head_json":{"title":"Jimmy, le roi du catalogue optique international ! - iZySolutions","robots":{"index":"index","follow":"follow","max-snippet":"max-snippet:-1","max-image-preview":"max-image-preview:large","max-video-preview":"max-video-preview:-1"},"canonical":"https:\/\/izysolutions.com\/fr\/2021\/09\/22\/jimmy-le-roi-du-catalogue-optique-international\/","og_locale":"fr_FR","og_type":"article","og_title":"Jimmy, le roi du catalogue optique international ! - iZySolutions","og_description":"Vous \u00eates un groupe optique international ? Connaissez-vous iWiCatalog, notre solution de gestion catalogue optique international ? Et avez-vous d\u00e9j\u00e0 rencontr\u00e9 Jimmy, l&rsquo;homme qui se cache derri\u00e8re tous les incroyables d\u00e9veloppements et innovations de cette solution ? Non ? Vraiment ? Alors arr\u00eatez-vous un instant et lisez cet article car vous \u00eates clairement en train [&hellip;]","og_url":"https:\/\/izysolutions.com\/fr\/2021\/09\/22\/jimmy-le-roi-du-catalogue-optique-international\/","og_site_name":"iZySolutions","article_published_time":"2021-09-22T13:16:38+00:00","article_modified_time":"2022-08-08T14:36:23+00:00","og_image":[{"width":832,"height":432,"url":"https:\/\/izysolutions.com\/wp-content\/uploads\/2020\/06\/Jimmy_catalogue_optique_international_832x432-px-1.png","type":"image\/png"}],"author":"Emilie","twitter_card":"summary_large_image","schema":{"@context":"https:\/\/schema.org","@graph":[{"@type":"Article","@id":"https:\/\/izysolutions.com\/fr\/2021\/09\/22\/jimmy-le-roi-du-catalogue-optique-international\/#article","isPartOf":{"@id":"https:\/\/izysolutions.com\/fr\/2021\/09\/22\/jimmy-le-roi-du-catalogue-optique-international\/"},"author":{"name":"Emilie","@id":"https:\/\/izysolutions.com\/#\/schema\/person\/064ba07b958029148d8034eba614fc27"},"headline":"Jimmy, le roi du catalogue optique international !","datePublished":"2021-09-22T13:16:38+00:00","dateModified":"2022-08-08T14:36:23+00:00","mainEntityOfPage":{"@id":"https:\/\/izysolutions.com\/fr\/2021\/09\/22\/jimmy-le-roi-du-catalogue-optique-international\/"},"wordCount":751,"commentCount":0,"image":{"@id":"https:\/\/izysolutions.com\/fr\/2021\/09\/22\/jimmy-le-roi-du-catalogue-optique-international\/#primaryimage"},"thumbnailUrl":"https:\/\/izysolutions.com\/wp-content\/uploads\/2020\/06\/Jimmy_catalogue_optique_international_832x432-px-1.png","articleSection":["Catalogue optique","EDI","R&amp;D"],"inLanguage":"fr-FR","potentialAction":[{"@type":"CommentAction","name":"Comment","target":["https:\/\/izysolutions.com\/fr\/2021\/09\/22\/jimmy-le-roi-du-catalogue-optique-international\/#respond"]}]},{"@type":"WebPage","@id":"https:\/\/izysolutions.com\/fr\/2021\/09\/22\/jimmy-le-roi-du-catalogue-optique-international\/","url":"https:\/\/izysolutions.com\/fr\/2021\/09\/22\/jimmy-le-roi-du-catalogue-optique-international\/","name":"Jimmy, le roi du catalogue optique international ! - iZySolutions","isPartOf":{"@id":"https:\/\/izysolutions.com\/#website"},"primaryImageOfPage":{"@id":"https:\/\/izysolutions.com\/fr\/2021\/09\/22\/jimmy-le-roi-du-catalogue-optique-international\/#primaryimage"},"image":{"@id":"https:\/\/izysolutions.com\/fr\/2021\/09\/22\/jimmy-le-roi-du-catalogue-optique-international\/#primaryimage"},"thumbnailUrl":"https:\/\/izysolutions.com\/wp-content\/uploads\/2020\/06\/Jimmy_catalogue_optique_international_832x432-px-1.png","datePublished":"2021-09-22T13:16:38+00:00","dateModified":"2022-08-08T14:36:23+00:00","author":{"@id":"https:\/\/izysolutions.com\/#\/schema\/person\/064ba07b958029148d8034eba614fc27"},"breadcrumb":{"@id":"https:\/\/izysolutions.com\/fr\/2021\/09\/22\/jimmy-le-roi-du-catalogue-optique-international\/#breadcrumb"},"inLanguage":"fr-FR","potentialAction":[{"@type":"ReadAction","target":["https:\/\/izysolutions.com\/fr\/2021\/09\/22\/jimmy-le-roi-du-catalogue-optique-international\/"]}]},{"@type":"ImageObject","inLanguage":"fr-FR","@id":"https:\/\/izysolutions.com\/fr\/2021\/09\/22\/jimmy-le-roi-du-catalogue-optique-international\/#primaryimage","url":"https:\/\/izysolutions.com\/wp-content\/uploads\/2020\/06\/Jimmy_catalogue_optique_international_832x432-px-1.png","contentUrl":"https:\/\/izysolutions.com\/wp-content\/uploads\/2020\/06\/Jimmy_catalogue_optique_international_832x432-px-1.png","width":832,"height":432,"caption":"Notre catalogue optique international et l'homme qui se cache derri\u00e8re"},{"@type":"BreadcrumbList","@id":"https:\/\/izysolutions.com\/fr\/2021\/09\/22\/jimmy-le-roi-du-catalogue-optique-international\/#breadcrumb","itemListElement":[{"@type":"ListItem","position":1,"name":"Home","item":"https:\/\/izysolutions.com\/fr\/"},{"@type":"ListItem","position":2,"name":"Jimmy, le roi du catalogue optique international !"}]},{"@type":"WebSite","@id":"https:\/\/izysolutions.com\/#website","url":"https:\/\/izysolutions.com\/","name":"iZySolutions","description":"Un site utilisant WordPress","potentialAction":[{"@type":"SearchAction","target":{"@type":"EntryPoint","urlTemplate":"https:\/\/izysolutions.com\/?s={search_term_string}"},"query-input":{"@type":"PropertyValueSpecification","valueRequired":true,"valueName":"search_term_string"}}],"inLanguage":"fr-FR"},{"@type":"Person","@id":"https:\/\/izysolutions.com\/#\/schema\/person\/064ba07b958029148d8034eba614fc27","name":"Emilie","image":{"@type":"ImageObject","inLanguage":"fr-FR","@id":"https:\/\/izysolutions.com\/#\/schema\/person\/image\/","url":"https:\/\/secure.gravatar.com\/avatar\/232404cfa7230db861d2d7f0ead4153c871b630570f548f07e8592102c08d315?s=96&d=mm&r=g","contentUrl":"https:\/\/secure.gravatar.com\/avatar\/232404cfa7230db861d2d7f0ead4153c871b630570f548f07e8592102c08d315?s=96&d=mm&r=g","caption":"Emilie"}}]}},"_links":{"self":[{"href":"https:\/\/izysolutions.com\/fr\/wp-json\/wp\/v2\/posts\/13094","targetHints":{"allow":["GET"]}}],"collection":[{"href":"https:\/\/izysolutions.com\/fr\/wp-json\/wp\/v2\/posts"}],"about":[{"href":"https:\/\/izysolutions.com\/fr\/wp-json\/wp\/v2\/types\/post"}],"author":[{"embeddable":true,"href":"https:\/\/izysolutions.com\/fr\/wp-json\/wp\/v2\/users\/11"}],"replies":[{"embeddable":true,"href":"https:\/\/izysolutions.com\/fr\/wp-json\/wp\/v2\/comments?post=13094"}],"version-history":[{"count":2,"href":"https:\/\/izysolutions.com\/fr\/wp-json\/wp\/v2\/posts\/13094\/revisions"}],"predecessor-version":[{"id":14979,"href":"https:\/\/izysolutions.com\/fr\/wp-json\/wp\/v2\/posts\/13094\/revisions\/14979"}],"wp:featuredmedia":[{"embeddable":true,"href":"https:\/\/izysolutions.com\/fr\/wp-json\/wp\/v2\/media\/13102"}],"wp:attachment":[{"href":"https:\/\/izysolutions.com\/fr\/wp-json\/wp\/v2\/media?parent=13094"}],"wp:term":[{"taxonomy":"category","embeddable":true,"href":"https:\/\/izysolutions.com\/fr\/wp-json\/wp\/v2\/categories?post=13094"},{"taxonomy":"post_tag","embeddable":true,"href":"https:\/\/izysolutions.com\/fr\/wp-json\/wp\/v2\/tags?post=13094"}],"curies":[{"name":"wp","href":"https:\/\/api.w.org\/{rel}","templated":true}]}}